{"id":2044,"date":"2021-08-30T09:32:30","date_gmt":"2021-08-30T09:32:30","guid":{"rendered":"http:\/\/grupospin.es\/?p=2044"},"modified":"2021-08-30T11:35:23","modified_gmt":"2021-08-30T11:35:23","slug":"actuacion-en-el-centro-comercial-islazul","status":"publish","type":"post","link":"https:\/\/grupospin.es\/en\/actuacion-en-el-centro-comercial-islazul\/","title":{"rendered":"Performance at the Islazul Shopping Center"},"content":{"rendered":"<p>Major project to connect two premises in the Islazul shopping center in Madrid.<\/p>\n<p><strong>1,600 square meters of surface area<\/strong>, where, thanks to a meticulous work of logistics and coordination, the two commercial premises will be adapted according to the needs dictated by <a href=\"https:\/\/optimaproject.com\/\" target=\"_blank\" rel=\"noopener noreferrer\">OprimaProject<\/a>, the ECOP of the center, and the contractor of the work.<\/p>\n<p>We continue!<\/p>\n<p><iframe title=\"YouTube video player\" src=\"https:\/\/www.youtube.com\/embed\/3YUn88JzrdU\" width=\"560\" height=\"415\" frameborder=\"0\" allowfullscreen=\"allowfullscreen\"><\/iframe><\/p>","protected":false},"excerpt":{"rendered":"<p>Actuaci\u00f3n de envergadura para unir dos locales en el c.c. Islazul, de Madrid. 1.600 metros cuadrados de superficie, en donde, gracias a un minucioso trabajo de log\u00edstica y coordinaci\u00f3n, se adecuar\u00e1n los dos locales comerciales acorde a las necesidades dictadas por OprimaProject, el ECOP del centro, y la adjudicataria de la obra. \u00a1Seguimos!<\/p>","protected":false},"author":2,"featured_media":2045,"comment_status":"closed","ping_status":"open","sticky":false,"template":"","format":"standard","meta":{"_acf_changed":false,"inline_featured_image":false,"footnotes":""},"categories":[43,1],"tags":[21,16,22,15],"clientes":[],"class_list":["post-2044","post","type-post","status-publish","format-standard","has-post-thumbnail","hentry","category-en-la-obra","category-agenda-de-spin","tag-construccion","tag-reformas","tag-retail","tag-spin"],"acf":[],"yoast_head":"<!-- This site is optimized with the Yoast SEO plugin v27.5 - https:\/\/yoast.com\/product\/yoast-seo-wordpress\/ -->\n<title>Actuaci\u00f3n en el Centro Comercial Islazul - Grupo Spin<\/title>\n<meta name=\"description\" content=\"1.600 m2 de superficie, en donde se adecuar\u00e1n los dos locales comerciales acorde a las necesidades dictadas por OprimaProject, el ECOP del centro, y la adjudicataria de la obra.\" \/>\n<meta name=\"robots\" content=\"index, follow, max-snippet:-1, max-image-preview:large, max-video-preview:-1\" \/>\n<link rel=\"canonical\" href=\"http:\/\/grupospin.es\/en\/actuacion-en-el-centro-comercial-islazul\/\" \/>\n<meta property=\"og:locale\" content=\"en_GB\" \/>\n<meta property=\"og:type\" content=\"article\" \/>\n<meta property=\"og:title\" content=\"Actuaci\u00f3n en el Centro Comercial Islazul - Grupo Spin\" \/>\n<meta property=\"og:description\" content=\"1.600 m2 de superficie, en donde se adecuar\u00e1n los dos locales comerciales acorde a las necesidades dictadas por OprimaProject, el ECOP del centro, y la adjudicataria de la obra.\" \/>\n<meta property=\"og:url\" content=\"http:\/\/grupospin.es\/en\/actuacion-en-el-centro-comercial-islazul\/\" \/>\n<meta property=\"og:site_name\" content=\"Grupo Spin\" \/>\n<meta property=\"article:published_time\" content=\"2021-08-30T09:32:30+00:00\" \/>\n<meta property=\"article:modified_time\" content=\"2021-08-30T11:35:23+00:00\" \/>\n<meta property=\"og:image\" content=\"http:\/\/grupospin.es\/wp-content\/uploads\/2021\/08\/1.jpg\" \/>\n\t<meta property=\"og:image:width\" content=\"1920\" \/>\n\t<meta property=\"og:image:height\" content=\"1080\" \/>\n\t<meta property=\"og:image:type\" content=\"image\/jpeg\" \/>\n<meta name=\"author\" content=\"Riki F. Callejo\" \/>\n<meta name=\"twitter:card\" content=\"summary_large_image\" \/>\n<meta name=\"twitter:label1\" content=\"Written by\" \/>\n\t<meta name=\"twitter:data1\" content=\"Riki F. Callejo\" \/>\n<script type=\"application\/ld+json\" class=\"yoast-schema-graph\">{\"@context\":\"https:\\\/\\\/schema.org\",\"@graph\":[{\"@type\":\"Article\",\"@id\":\"http:\\\/\\\/grupospin.es\\\/actuacion-en-el-centro-comercial-islazul\\\/#article\",\"isPartOf\":{\"@id\":\"http:\\\/\\\/grupospin.es\\\/actuacion-en-el-centro-comercial-islazul\\\/\"},\"author\":{\"name\":\"Riki F. Callejo\",\"@id\":\"https:\\\/\\\/grupospin.es\\\/#\\\/schema\\\/person\\\/a8d97d23a8dd057c8e73bbd42fa3c66a\"},\"headline\":\"Actuaci\u00f3n en el Centro Comercial Islazul\",\"datePublished\":\"2021-08-30T09:32:30+00:00\",\"dateModified\":\"2021-08-30T11:35:23+00:00\",\"mainEntityOfPage\":{\"@id\":\"http:\\\/\\\/grupospin.es\\\/actuacion-en-el-centro-comercial-islazul\\\/\"},\"wordCount\":64,\"publisher\":{\"@id\":\"https:\\\/\\\/grupospin.es\\\/#organization\"},\"image\":{\"@id\":\"http:\\\/\\\/grupospin.es\\\/actuacion-en-el-centro-comercial-islazul\\\/#primaryimage\"},\"thumbnailUrl\":\"https:\\\/\\\/grupospin.es\\\/wp-content\\\/uploads\\\/2021\\\/08\\\/1.jpg\",\"keywords\":[\"construcci\u00f3n\",\"reformas\",\"retail\",\"spin\"],\"articleSection\":[\"En la obra...\",\"La agenda de Spin\"],\"inLanguage\":\"en-GB\"},{\"@type\":\"WebPage\",\"@id\":\"http:\\\/\\\/grupospin.es\\\/actuacion-en-el-centro-comercial-islazul\\\/\",\"url\":\"http:\\\/\\\/grupospin.es\\\/actuacion-en-el-centro-comercial-islazul\\\/\",\"name\":\"Actuaci\u00f3n en el Centro Comercial Islazul - Grupo Spin\",\"isPartOf\":{\"@id\":\"https:\\\/\\\/grupospin.es\\\/#website\"},\"primaryImageOfPage\":{\"@id\":\"http:\\\/\\\/grupospin.es\\\/actuacion-en-el-centro-comercial-islazul\\\/#primaryimage\"},\"image\":{\"@id\":\"http:\\\/\\\/grupospin.es\\\/actuacion-en-el-centro-comercial-islazul\\\/#primaryimage\"},\"thumbnailUrl\":\"https:\\\/\\\/grupospin.es\\\/wp-content\\\/uploads\\\/2021\\\/08\\\/1.jpg\",\"datePublished\":\"2021-08-30T09:32:30+00:00\",\"dateModified\":\"2021-08-30T11:35:23+00:00\",\"description\":\"1.600 m2 de superficie, en donde se adecuar\u00e1n los dos locales comerciales acorde a las necesidades dictadas por OprimaProject, el ECOP del centro, y la adjudicataria de la obra.\",\"breadcrumb\":{\"@id\":\"http:\\\/\\\/grupospin.es\\\/actuacion-en-el-centro-comercial-islazul\\\/#breadcrumb\"},\"inLanguage\":\"en-GB\",\"potentialAction\":[{\"@type\":\"ReadAction\",\"target\":[\"http:\\\/\\\/grupospin.es\\\/actuacion-en-el-centro-comercial-islazul\\\/\"]}]},{\"@type\":\"ImageObject\",\"inLanguage\":\"en-GB\",\"@id\":\"http:\\\/\\\/grupospin.es\\\/actuacion-en-el-centro-comercial-islazul\\\/#primaryimage\",\"url\":\"https:\\\/\\\/grupospin.es\\\/wp-content\\\/uploads\\\/2021\\\/08\\\/1.jpg\",\"contentUrl\":\"https:\\\/\\\/grupospin.es\\\/wp-content\\\/uploads\\\/2021\\\/08\\\/1.jpg\",\"width\":1920,\"height\":1080,\"caption\":\"Grupo Spin\"},{\"@type\":\"BreadcrumbList\",\"@id\":\"http:\\\/\\\/grupospin.es\\\/actuacion-en-el-centro-comercial-islazul\\\/#breadcrumb\",\"itemListElement\":[{\"@type\":\"ListItem\",\"position\":1,\"name\":\"Portada\",\"item\":\"https:\\\/\\\/grupospin.es\\\/\"},{\"@type\":\"ListItem\",\"position\":2,\"name\":\"Actuaci\u00f3n en el Centro Comercial Islazul\"}]},{\"@type\":\"WebSite\",\"@id\":\"https:\\\/\\\/grupospin.es\\\/#website\",\"url\":\"https:\\\/\\\/grupospin.es\\\/\",\"name\":\"Grupo Spin\",\"description\":\"Grupo Spin\",\"publisher\":{\"@id\":\"https:\\\/\\\/grupospin.es\\\/#organization\"},\"potentialAction\":[{\"@type\":\"SearchAction\",\"target\":{\"@type\":\"EntryPoint\",\"urlTemplate\":\"https:\\\/\\\/grupospin.es\\\/?s={search_term_string}\"},\"query-input\":{\"@type\":\"PropertyValueSpecification\",\"valueRequired\":true,\"valueName\":\"search_term_string\"}}],\"inLanguage\":\"en-GB\"},{\"@type\":\"Organization\",\"@id\":\"https:\\\/\\\/grupospin.es\\\/#organization\",\"name\":\"Gruop Spin\",\"url\":\"https:\\\/\\\/grupospin.es\\\/\",\"logo\":{\"@type\":\"ImageObject\",\"inLanguage\":\"en-GB\",\"@id\":\"https:\\\/\\\/grupospin.es\\\/#\\\/schema\\\/logo\\\/image\\\/\",\"url\":\"https:\\\/\\\/grupospin.es\\\/wp-content\\\/uploads\\\/2019\\\/11\\\/LOGOSPIN.svg\",\"contentUrl\":\"https:\\\/\\\/grupospin.es\\\/wp-content\\\/uploads\\\/2019\\\/11\\\/LOGOSPIN.svg\",\"caption\":\"Gruop Spin\"},\"image\":{\"@id\":\"https:\\\/\\\/grupospin.es\\\/#\\\/schema\\\/logo\\\/image\\\/\"}},{\"@type\":\"Person\",\"@id\":\"https:\\\/\\\/grupospin.es\\\/#\\\/schema\\\/person\\\/a8d97d23a8dd057c8e73bbd42fa3c66a\",\"name\":\"Riki F. Callejo\",\"image\":{\"@type\":\"ImageObject\",\"inLanguage\":\"en-GB\",\"@id\":\"https:\\\/\\\/secure.gravatar.com\\\/avatar\\\/7c0e8999b6753452de7005b0d94ec0e8467be78acd2bdba82c7a5b4bd452546b?s=96&d=mm&r=g\",\"url\":\"https:\\\/\\\/secure.gravatar.com\\\/avatar\\\/7c0e8999b6753452de7005b0d94ec0e8467be78acd2bdba82c7a5b4bd452546b?s=96&d=mm&r=g\",\"contentUrl\":\"https:\\\/\\\/secure.gravatar.com\\\/avatar\\\/7c0e8999b6753452de7005b0d94ec0e8467be78acd2bdba82c7a5b4bd452546b?s=96&d=mm&r=g\",\"caption\":\"Riki F. Callejo\"},\"sameAs\":[\"Ricardo Fern\u00e1ndez Callejo\"],\"url\":\"https:\\\/\\\/grupospin.es\\\/en\\\/author\\\/riki\\\/\"}]}<\/script>\n<!-- \/ Yoast SEO plugin. -->","yoast_head_json":{"title":"Actuaci\u00f3n en el Centro Comercial Islazul - Grupo Spin","description":"1.600 m2 de superficie, en donde se adecuar\u00e1n los dos locales comerciales acorde a las necesidades dictadas por OprimaProject, el ECOP del centro, y la adjudicataria de la obra.","robots":{"index":"index","follow":"follow","max-snippet":"max-snippet:-1","max-image-preview":"max-image-preview:large","max-video-preview":"max-video-preview:-1"},"canonical":"http:\/\/grupospin.es\/en\/actuacion-en-el-centro-comercial-islazul\/","og_locale":"en_GB","og_type":"article","og_title":"Actuaci\u00f3n en el Centro Comercial Islazul - Grupo Spin","og_description":"1.600 m2 de superficie, en donde se adecuar\u00e1n los dos locales comerciales acorde a las necesidades dictadas por OprimaProject, el ECOP del centro, y la adjudicataria de la obra.","og_url":"http:\/\/grupospin.es\/en\/actuacion-en-el-centro-comercial-islazul\/","og_site_name":"Grupo Spin","article_published_time":"2021-08-30T09:32:30+00:00","article_modified_time":"2021-08-30T11:35:23+00:00","og_image":[{"width":1920,"height":1080,"url":"http:\/\/grupospin.es\/wp-content\/uploads\/2021\/08\/1.jpg","type":"image\/jpeg"}],"author":"Riki F. Callejo","twitter_card":"summary_large_image","twitter_misc":{"Written by":"Riki F. Callejo"},"schema":{"@context":"https:\/\/schema.org","@graph":[{"@type":"Article","@id":"http:\/\/grupospin.es\/actuacion-en-el-centro-comercial-islazul\/#article","isPartOf":{"@id":"http:\/\/grupospin.es\/actuacion-en-el-centro-comercial-islazul\/"},"author":{"name":"Riki F. Callejo","@id":"https:\/\/grupospin.es\/#\/schema\/person\/a8d97d23a8dd057c8e73bbd42fa3c66a"},"headline":"Actuaci\u00f3n en el Centro Comercial Islazul","datePublished":"2021-08-30T09:32:30+00:00","dateModified":"2021-08-30T11:35:23+00:00","mainEntityOfPage":{"@id":"http:\/\/grupospin.es\/actuacion-en-el-centro-comercial-islazul\/"},"wordCount":64,"publisher":{"@id":"https:\/\/grupospin.es\/#organization"},"image":{"@id":"http:\/\/grupospin.es\/actuacion-en-el-centro-comercial-islazul\/#primaryimage"},"thumbnailUrl":"https:\/\/grupospin.es\/wp-content\/uploads\/2021\/08\/1.jpg","keywords":["construcci\u00f3n","reformas","retail","spin"],"articleSection":["En la obra...","La agenda de Spin"],"inLanguage":"en-GB"},{"@type":"WebPage","@id":"http:\/\/grupospin.es\/actuacion-en-el-centro-comercial-islazul\/","url":"http:\/\/grupospin.es\/actuacion-en-el-centro-comercial-islazul\/","name":"Actuaci\u00f3n en el Centro Comercial Islazul - Grupo Spin","isPartOf":{"@id":"https:\/\/grupospin.es\/#website"},"primaryImageOfPage":{"@id":"http:\/\/grupospin.es\/actuacion-en-el-centro-comercial-islazul\/#primaryimage"},"image":{"@id":"http:\/\/grupospin.es\/actuacion-en-el-centro-comercial-islazul\/#primaryimage"},"thumbnailUrl":"https:\/\/grupospin.es\/wp-content\/uploads\/2021\/08\/1.jpg","datePublished":"2021-08-30T09:32:30+00:00","dateModified":"2021-08-30T11:35:23+00:00","description":"1.600 m2 de superficie, en donde se adecuar\u00e1n los dos locales comerciales acorde a las necesidades dictadas por OprimaProject, el ECOP del centro, y la adjudicataria de la obra.","breadcrumb":{"@id":"http:\/\/grupospin.es\/actuacion-en-el-centro-comercial-islazul\/#breadcrumb"},"inLanguage":"en-GB","potentialAction":[{"@type":"ReadAction","target":["http:\/\/grupospin.es\/actuacion-en-el-centro-comercial-islazul\/"]}]},{"@type":"ImageObject","inLanguage":"en-GB","@id":"http:\/\/grupospin.es\/actuacion-en-el-centro-comercial-islazul\/#primaryimage","url":"https:\/\/grupospin.es\/wp-content\/uploads\/2021\/08\/1.jpg","contentUrl":"https:\/\/grupospin.es\/wp-content\/uploads\/2021\/08\/1.jpg","width":1920,"height":1080,"caption":"Grupo Spin"},{"@type":"BreadcrumbList","@id":"http:\/\/grupospin.es\/actuacion-en-el-centro-comercial-islazul\/#breadcrumb","itemListElement":[{"@type":"ListItem","position":1,"name":"Portada","item":"https:\/\/grupospin.es\/"},{"@type":"ListItem","position":2,"name":"Actuaci\u00f3n en el Centro Comercial Islazul"}]},{"@type":"WebSite","@id":"https:\/\/grupospin.es\/#website","url":"https:\/\/grupospin.es\/","name":"Spin Group","description":"Spin Group","publisher":{"@id":"https:\/\/grupospin.es\/#organization"},"potentialAction":[{"@type":"SearchAction","target":{"@type":"EntryPoint","urlTemplate":"https:\/\/grupospin.es\/?s={search_term_string}"},"query-input":{"@type":"PropertyValueSpecification","valueRequired":true,"valueName":"search_term_string"}}],"inLanguage":"en-GB"},{"@type":"Organization","@id":"https:\/\/grupospin.es\/#organization","name":"Grupop Spin","url":"https:\/\/grupospin.es\/","logo":{"@type":"ImageObject","inLanguage":"en-GB","@id":"https:\/\/grupospin.es\/#\/schema\/logo\/image\/","url":"https:\/\/grupospin.es\/wp-content\/uploads\/2019\/11\/LOGOSPIN.svg","contentUrl":"https:\/\/grupospin.es\/wp-content\/uploads\/2019\/11\/LOGOSPIN.svg","caption":"Gruop Spin"},"image":{"@id":"https:\/\/grupospin.es\/#\/schema\/logo\/image\/"}},{"@type":"Person","@id":"https:\/\/grupospin.es\/#\/schema\/person\/a8d97d23a8dd057c8e73bbd42fa3c66a","name":"Riki F. Callejo","image":{"@type":"ImageObject","inLanguage":"en-GB","@id":"https:\/\/secure.gravatar.com\/avatar\/7c0e8999b6753452de7005b0d94ec0e8467be78acd2bdba82c7a5b4bd452546b?s=96&d=mm&r=g","url":"https:\/\/secure.gravatar.com\/avatar\/7c0e8999b6753452de7005b0d94ec0e8467be78acd2bdba82c7a5b4bd452546b?s=96&d=mm&r=g","contentUrl":"https:\/\/secure.gravatar.com\/avatar\/7c0e8999b6753452de7005b0d94ec0e8467be78acd2bdba82c7a5b4bd452546b?s=96&d=mm&r=g","caption":"Riki F. Callejo"},"sameAs":["Ricardo Fern\u00e1ndez Callejo"],"url":"https:\/\/grupospin.es\/en\/author\/riki\/"}]}},"_links":{"self":[{"href":"https:\/\/grupospin.es\/en\/wp-json\/wp\/v2\/posts\/2044","targetHints":{"allow":["GET"]}}],"collection":[{"href":"https:\/\/grupospin.es\/en\/wp-json\/wp\/v2\/posts"}],"about":[{"href":"https:\/\/grupospin.es\/en\/wp-json\/wp\/v2\/types\/post"}],"author":[{"embeddable":true,"href":"https:\/\/grupospin.es\/en\/wp-json\/wp\/v2\/users\/2"}],"replies":[{"embeddable":true,"href":"https:\/\/grupospin.es\/en\/wp-json\/wp\/v2\/comments?post=2044"}],"version-history":[{"count":4,"href":"https:\/\/grupospin.es\/en\/wp-json\/wp\/v2\/posts\/2044\/revisions"}],"predecessor-version":[{"id":2049,"href":"https:\/\/grupospin.es\/en\/wp-json\/wp\/v2\/posts\/2044\/revisions\/2049"}],"wp:featuredmedia":[{"embeddable":true,"href":"https:\/\/grupospin.es\/en\/wp-json\/wp\/v2\/media\/2045"}],"wp:attachment":[{"href":"https:\/\/grupospin.es\/en\/wp-json\/wp\/v2\/media?parent=2044"}],"wp:term":[{"taxonomy":"category","embeddable":true,"href":"https:\/\/grupospin.es\/en\/wp-json\/wp\/v2\/categories?post=2044"},{"taxonomy":"post_tag","embeddable":true,"href":"https:\/\/grupospin.es\/en\/wp-json\/wp\/v2\/tags?post=2044"},{"taxonomy":"clientes","embeddable":true,"href":"https:\/\/grupospin.es\/en\/wp-json\/wp\/v2\/clientes?post=2044"}],"curies":[{"name":"wp","href":"https:\/\/api.w.org\/{rel}","templated":true}]}}